{"id":74,"date":"2024-04-04T19:51:21","date_gmt":"2024-04-04T17:51:21","guid":{"rendered":"https:\/\/guillotinapolitica.com\/?p=74"},"modified":"2024-04-04T19:51:21","modified_gmt":"2024-04-04T17:51:21","slug":"la-mafia-de-el-bronco-el-grupo-de-politicos-que-busca-seguir-teniendo-el-control-de-garcia","status":"publish","type":"post","link":"https:\/\/guillotinapolitica.com\/index.php\/2024\/04\/04\/la-mafia-de-el-bronco-el-grupo-de-politicos-que-busca-seguir-teniendo-el-control-de-garcia\/","title":{"rendered":"La mafia de &#8220;El Bronco&#8221;, el grupo de pol\u00edticos que busca seguir teniendo el control de Garc\u00eda"},"content":{"rendered":"\n<h4 class=\"wp-block-heading\">Descubre c\u00f3mo este grupo de pol\u00edticos busca mantener su influencia en Garc\u00eda a pesar de los actos de corrupci\u00f3n y nepotismo que han salido a la luz p\u00fablica.<\/h4>\n\n\n\n<p>La corrupci\u00f3n en el municipio de Garc\u00eda contin\u00faa siendo una realidad, y es que existe un grupo pol\u00edtico conocido como \u201cLa Mafia del Bronco\u201d, liderada por el exgobernador Jaime Rodr\u00edguez Calder\u00f3n, que busca mantener su control en ese municipio.<\/p>\n\n\n\n<p>Estos son los integrantes de \u201cLa Mafia del Bronco\u201d:<\/p>\n\n\n\n<p><strong>Carlos Alberto Guevara Garza<\/strong><\/p>\n\n\n\n<p>De ser chofer y jefe de escoltas de \u201cEl Bronco\u201d, ascendi\u00f3 gracias a su padrino pol\u00edtico para convertirse en alcalde en dos periodos consecutivos, de 2018 a 2021 y de 2021 a 2024.<\/p>\n\n\n\n<p>Durante estos a\u00f1os, su administraci\u00f3n ha sido objeto de cuestionamientos debido a su presunta relaci\u00f3n con pr\u00e1cticas corruptas y nepotismo. Adem\u00e1s, se le acusa de haber proporcionado empleo en el Gobierno de Garc\u00eda a su hermano Luis.<\/p>\n\n\n\n<p>En cuanto a seguridad, la gesti\u00f3n del actual alcalde con licencia, Carlos Alberto Guevara Garza, enfrent\u00f3 altos \u00edndices de criminalidad, lo que gener\u00f3 acusaciones de v\u00ednculos entre la Polic\u00eda municipal y grupos criminales.<\/p>\n\n\n\n<p>Para estas elecciones, el pol\u00edtico compadre de Rodr\u00edguez Calder\u00f3n buscar\u00e1 una diputaci\u00f3n federal.<\/p>\n\n\n\n<p><strong>Luis Aurelio Guevara Garza<\/strong><\/p>\n\n\n\n<p>Forma parte del grupo pol\u00edtico de Jaime Rodr\u00edguez \u201cEl Bronco\u201d y es hermano de Carlos Alberto Guevara Garza. Durante el mandato de \u201cEl Bronco\u201d, tuvo una gran influencia en grupos polic\u00edacos estatales, poder que a\u00fan mantiene en la actual corporaci\u00f3n municipal de Garc\u00eda.<\/p>\n\n\n\n<p>En 2015, incursion\u00f3 como candidato independiente a diputado local, pero su campa\u00f1a fue marcada por irregularidades y posteriormente fue sancionado por el INE.<\/p>\n\n\n\n<p>Es conocido por ser un beneficiario del erario de Garc\u00eda, ya que trabaj\u00f3 durante varios a\u00f1os bajo el amparo de \u201cEl Bronco\u201d y de su hermano.<\/p>\n\n\n\n<p>Este a\u00f1o, buscar\u00e1 la alcald\u00eda por el Partido Verde Ecologista de M\u00e9xico para continuar ejerciendo influencia en el municipio.<\/p>\n\n\n\n<p><strong>Otros miembros de \u201cLa Mafia del Bronco\u201d son:<\/strong><\/p>\n\n\n\n<p>V\u00edctor Govea: Amigo de \u201cEl Bronco\u201d, quien fue designado como subsecretario del Trabajo. A pesar de ostentarse como licenciado en Derecho, se revel\u00f3 que no ten\u00eda c\u00e9dula profesional para ejercer, seg\u00fan lo se\u00f1alado por Info7.<\/p>\n\n\n\n<p>C\u00e9sar V\u00e1ldes: Secretario particular de Jaime Rodr\u00edguez Calder\u00f3n de 2009 a 2012 cuando \u00e9ste ocupaba la Alcald\u00eda de Garc\u00eda. En 2015, se convirti\u00f3 en el primer Alcalde independiente de M\u00e9xico al ganar en el municipio de Garc\u00eda, manteniendo la cercan\u00eda con la familia pol\u00edtica del gobernador independiente.<\/p>\n\n\n\n<p>Seg\u00fan REFORMA, al menos cuatro parientes de \u201cEl Bronco\u201d formaron parte de la administraci\u00f3n municipal.<\/p>\n\n\n\n<p>Miguel D\u00e1vila: Encargado de la estrategia de redes sociales de Rodr\u00edguez Calder\u00f3n durante su campa\u00f1a a la gubernatura en 2015. Obtuvo un puesto oficial en el gobierno, hasta junio de 2019 como director de Planeaci\u00f3n y An\u00e1lisis, dentro de la Secretar\u00eda General de Gobierno.<\/p>\n\n\n\n<p>Encontr\u00f3 acomodo en el partido de Morena en los comicios de 2021 por el municipio de Garc\u00eda y en este 2024 buscar\u00e1 lo mismo, pero con Movimiento Ciudadano.<\/p>\n","protected":false},"excerpt":{"rendered":"<p>Descubre c\u00f3mo este grupo de pol\u00edticos busca mantener su influencia en Garc\u00eda a pesar de los actos de corrupci\u00f3n y nepotismo que han salido a la luz p\u00fablica. La corrupci\u00f3n en el municipio de Garc\u00eda contin\u00faa siendo una realidad, y es que existe un grupo pol\u00edtico conocido como \u201cLa Mafia del Bronco\u201d, liderada por el [&hellip;]<\/p>\n","protected":false},"author":2,"featured_media":76,"comment_status":"open","ping_status":"open","sticky":false,"template":"","format":"standard","meta":{"footnotes":""},"categories":[4],"tags":[63,60,61,62,28],"yoast_head":"<!-- This site is optimized with the Yoast SEO plugin v22.4 - https:\/\/yoast.com\/wordpress\/plugins\/seo\/ -->\n<title>La mafia de &quot;El Bronco&quot;, el grupo de pol\u00edticos que busca seguir teniendo el control de Garc\u00eda - Guillotina Politica<\/title>\n<meta name=\"robots\" content=\"index, follow, max-snippet:-1, max-image-preview:large, max-video-preview:-1\" \/>\n<link rel=\"canonical\" href=\"https:\/\/guillotinapolitica.com\/index.php\/2024\/04\/04\/la-mafia-de-el-bronco-el-grupo-de-politicos-que-busca-seguir-teniendo-el-control-de-garcia\/\" \/>\n<meta property=\"og:locale\" content=\"en_US\" \/>\n<meta property=\"og:type\" content=\"article\" \/>\n<meta property=\"og:title\" content=\"La mafia de &quot;El Bronco&quot;, el grupo de pol\u00edticos que busca seguir teniendo el control de Garc\u00eda - Guillotina Politica\" \/>\n<meta property=\"og:description\" content=\"Descubre c\u00f3mo este grupo de pol\u00edticos busca mantener su influencia en Garc\u00eda a pesar de los actos de corrupci\u00f3n y nepotismo que han salido a la luz p\u00fablica. La corrupci\u00f3n en el municipio de Garc\u00eda contin\u00faa siendo una realidad, y es que existe un grupo pol\u00edtico conocido como \u201cLa Mafia del Bronco\u201d, liderada por el [&hellip;]\" \/>\n<meta property=\"og:url\" content=\"https:\/\/guillotinapolitica.com\/index.php\/2024\/04\/04\/la-mafia-de-el-bronco-el-grupo-de-politicos-que-busca-seguir-teniendo-el-control-de-garcia\/\" \/>\n<meta property=\"og:site_name\" content=\"Guillotina Politica\" \/>\n<meta property=\"article:published_time\" content=\"2024-04-04T17:51:21+00:00\" \/>\n<meta property=\"og:image\" content=\"https:\/\/guillotinapolitica.com\/wp-content\/uploads\/2024\/04\/la-mafia-de-el-bronco-el-grupo-de-politicos-que-busca-seguir-teniendo-el-control-de-garcia.jpg\" \/>\n\t<meta property=\"og:image:width\" content=\"1000\" \/>\n\t<meta property=\"og:image:height\" content=\"550\" \/>\n\t<meta property=\"og:image:type\" content=\"image\/jpeg\" \/>\n<meta name=\"author\" content=\"Mart\u00edn Gonz\u00e1lez\" \/>\n<meta name=\"twitter:card\" content=\"summary_large_image\" \/>\n<meta name=\"twitter:label1\" content=\"Written by\" \/>\n\t<meta name=\"twitter:data1\" content=\"Mart\u00edn Gonz\u00e1lez\" \/>\n\t<meta name=\"twitter:label2\" content=\"Est. reading time\" \/>\n\t<meta name=\"twitter:data2\" content=\"3 minutes\" \/>\n<script type=\"application\/ld+json\" class=\"yoast-schema-graph\">{\"@context\":\"https:\/\/schema.org\",\"@graph\":[{\"@type\":\"WebPage\",\"@id\":\"https:\/\/guillotinapolitica.com\/index.php\/2024\/04\/04\/la-mafia-de-el-bronco-el-grupo-de-politicos-que-busca-seguir-teniendo-el-control-de-garcia\/\",\"url\":\"https:\/\/guillotinapolitica.com\/index.php\/2024\/04\/04\/la-mafia-de-el-bronco-el-grupo-de-politicos-que-busca-seguir-teniendo-el-control-de-garcia\/\",\"name\":\"La mafia de \\\"El Bronco\\\", el grupo de pol\u00edticos que busca seguir teniendo el control de Garc\u00eda - Guillotina Politica\",\"isPartOf\":{\"@id\":\"https:\/\/guillotinapolitica.com\/#website\"},\"primaryImageOfPage\":{\"@id\":\"https:\/\/guillotinapolitica.com\/index.php\/2024\/04\/04\/la-mafia-de-el-bronco-el-grupo-de-politicos-que-busca-seguir-teniendo-el-control-de-garcia\/#primaryimage\"},\"image\":{\"@id\":\"https:\/\/guillotinapolitica.com\/index.php\/2024\/04\/04\/la-mafia-de-el-bronco-el-grupo-de-politicos-que-busca-seguir-teniendo-el-control-de-garcia\/#primaryimage\"},\"thumbnailUrl\":\"https:\/\/guillotinapolitica.com\/wp-content\/uploads\/2024\/04\/la-mafia-de-el-bronco-el-grupo-de-politicos-que-busca-seguir-teniendo-el-control-de-garcia.jpg\",\"datePublished\":\"2024-04-04T17:51:21+00:00\",\"dateModified\":\"2024-04-04T17:51:21+00:00\",\"author\":{\"@id\":\"https:\/\/guillotinapolitica.com\/#\/schema\/person\/27cb6290776d62b9e7ba161af2b4b5b9\"},\"breadcrumb\":{\"@id\":\"https:\/\/guillotinapolitica.com\/index.php\/2024\/04\/04\/la-mafia-de-el-bronco-el-grupo-de-politicos-que-busca-seguir-teniendo-el-control-de-garcia\/#breadcrumb\"},\"inLanguage\":\"en-US\",\"potentialAction\":[{\"@type\":\"ReadAction\",\"target\":[\"https:\/\/guillotinapolitica.com\/index.php\/2024\/04\/04\/la-mafia-de-el-bronco-el-grupo-de-politicos-que-busca-seguir-teniendo-el-control-de-garcia\/\"]}]},{\"@type\":\"ImageObject\",\"inLanguage\":\"en-US\",\"@id\":\"https:\/\/guillotinapolitica.com\/index.php\/2024\/04\/04\/la-mafia-de-el-bronco-el-grupo-de-politicos-que-busca-seguir-teniendo-el-control-de-garcia\/#primaryimage\",\"url\":\"https:\/\/guillotinapolitica.com\/wp-content\/uploads\/2024\/04\/la-mafia-de-el-bronco-el-grupo-de-politicos-que-busca-seguir-teniendo-el-control-de-garcia.jpg\",\"contentUrl\":\"https:\/\/guillotinapolitica.com\/wp-content\/uploads\/2024\/04\/la-mafia-de-el-bronco-el-grupo-de-politicos-que-busca-seguir-teniendo-el-control-de-garcia.jpg\",\"width\":1000,\"height\":550,\"caption\":\"La mafia de \\\"El Bronco\\\", el grupo de pol\u00edticos que busca seguir teniendo el control de Garc\u00eda\"},{\"@type\":\"BreadcrumbList\",\"@id\":\"https:\/\/guillotinapolitica.com\/index.php\/2024\/04\/04\/la-mafia-de-el-bronco-el-grupo-de-politicos-que-busca-seguir-teniendo-el-control-de-garcia\/#breadcrumb\",\"itemListElement\":[{\"@type\":\"ListItem\",\"position\":1,\"name\":\"Portada\",\"item\":\"https:\/\/guillotinapolitica.com\/\"},{\"@type\":\"ListItem\",\"position\":2,\"name\":\"La mafia de \u00abEl Bronco\u00bb, el grupo de pol\u00edticos que busca seguir teniendo el control de Garc\u00eda\"}]},{\"@type\":\"WebSite\",\"@id\":\"https:\/\/guillotinapolitica.com\/#website\",\"url\":\"https:\/\/guillotinapolitica.com\/\",\"name\":\"Guillotina Politica\",\"description\":\"\",\"potentialAction\":[{\"@type\":\"SearchAction\",\"target\":{\"@type\":\"EntryPoint\",\"urlTemplate\":\"https:\/\/guillotinapolitica.com\/?s={search_term_string}\"},\"query-input\":\"required name=search_term_string\"}],\"inLanguage\":\"en-US\"},{\"@type\":\"Person\",\"@id\":\"https:\/\/guillotinapolitica.com\/#\/schema\/person\/27cb6290776d62b9e7ba161af2b4b5b9\",\"name\":\"Mart\u00edn Gonz\u00e1lez\",\"image\":{\"@type\":\"ImageObject\",\"inLanguage\":\"en-US\",\"@id\":\"https:\/\/guillotinapolitica.com\/#\/schema\/person\/image\/\",\"url\":\"https:\/\/secure.gravatar.com\/avatar\/3d30c7717881516121302d314fbdcb12?s=96&d=mm&r=g\",\"contentUrl\":\"https:\/\/secure.gravatar.com\/avatar\/3d30c7717881516121302d314fbdcb12?s=96&d=mm&r=g\",\"caption\":\"Mart\u00edn Gonz\u00e1lez\"},\"sameAs\":[\"http:\/\/guillotinapolitica.com\"],\"url\":\"https:\/\/guillotinapolitica.com\/index.php\/author\/martin-gonzalez\/\"}]}<\/script>\n<!-- \/ Yoast SEO plugin. -->","yoast_head_json":{"title":"La mafia de \"El Bronco\", el grupo de pol\u00edticos que busca seguir teniendo el control de Garc\u00eda - Guillotina Politica","robots":{"index":"index","follow":"follow","max-snippet":"max-snippet:-1","max-image-preview":"max-image-preview:large","max-video-preview":"max-video-preview:-1"},"canonical":"https:\/\/guillotinapolitica.com\/index.php\/2024\/04\/04\/la-mafia-de-el-bronco-el-grupo-de-politicos-que-busca-seguir-teniendo-el-control-de-garcia\/","og_locale":"en_US","og_type":"article","og_title":"La mafia de \"El Bronco\", el grupo de pol\u00edticos que busca seguir teniendo el control de Garc\u00eda - Guillotina Politica","og_description":"Descubre c\u00f3mo este grupo de pol\u00edticos busca mantener su influencia en Garc\u00eda a pesar de los actos de corrupci\u00f3n y nepotismo que han salido a la luz p\u00fablica. La corrupci\u00f3n en el municipio de Garc\u00eda contin\u00faa siendo una realidad, y es que existe un grupo pol\u00edtico conocido como \u201cLa Mafia del Bronco\u201d, liderada por el [&hellip;]","og_url":"https:\/\/guillotinapolitica.com\/index.php\/2024\/04\/04\/la-mafia-de-el-bronco-el-grupo-de-politicos-que-busca-seguir-teniendo-el-control-de-garcia\/","og_site_name":"Guillotina Politica","article_published_time":"2024-04-04T17:51:21+00:00","og_image":[{"width":1000,"height":550,"url":"https:\/\/guillotinapolitica.com\/wp-content\/uploads\/2024\/04\/la-mafia-de-el-bronco-el-grupo-de-politicos-que-busca-seguir-teniendo-el-control-de-garcia.jpg","type":"image\/jpeg"}],"author":"Mart\u00edn Gonz\u00e1lez","twitter_card":"summary_large_image","twitter_misc":{"Written by":"Mart\u00edn Gonz\u00e1lez","Est. reading time":"3 minutes"},"schema":{"@context":"https:\/\/schema.org","@graph":[{"@type":"WebPage","@id":"https:\/\/guillotinapolitica.com\/index.php\/2024\/04\/04\/la-mafia-de-el-bronco-el-grupo-de-politicos-que-busca-seguir-teniendo-el-control-de-garcia\/","url":"https:\/\/guillotinapolitica.com\/index.php\/2024\/04\/04\/la-mafia-de-el-bronco-el-grupo-de-politicos-que-busca-seguir-teniendo-el-control-de-garcia\/","name":"La mafia de \"El Bronco\", el grupo de pol\u00edticos que busca seguir teniendo el control de Garc\u00eda - Guillotina Politica","isPartOf":{"@id":"https:\/\/guillotinapolitica.com\/#website"},"primaryImageOfPage":{"@id":"https:\/\/guillotinapolitica.com\/index.php\/2024\/04\/04\/la-mafia-de-el-bronco-el-grupo-de-politicos-que-busca-seguir-teniendo-el-control-de-garcia\/#primaryimage"},"image":{"@id":"https:\/\/guillotinapolitica.com\/index.php\/2024\/04\/04\/la-mafia-de-el-bronco-el-grupo-de-politicos-que-busca-seguir-teniendo-el-control-de-garcia\/#primaryimage"},"thumbnailUrl":"https:\/\/guillotinapolitica.com\/wp-content\/uploads\/2024\/04\/la-mafia-de-el-bronco-el-grupo-de-politicos-que-busca-seguir-teniendo-el-control-de-garcia.jpg","datePublished":"2024-04-04T17:51:21+00:00","dateModified":"2024-04-04T17:51:21+00:00","author":{"@id":"https:\/\/guillotinapolitica.com\/#\/schema\/person\/27cb6290776d62b9e7ba161af2b4b5b9"},"breadcrumb":{"@id":"https:\/\/guillotinapolitica.com\/index.php\/2024\/04\/04\/la-mafia-de-el-bronco-el-grupo-de-politicos-que-busca-seguir-teniendo-el-control-de-garcia\/#breadcrumb"},"inLanguage":"en-US","potentialAction":[{"@type":"ReadAction","target":["https:\/\/guillotinapolitica.com\/index.php\/2024\/04\/04\/la-mafia-de-el-bronco-el-grupo-de-politicos-que-busca-seguir-teniendo-el-control-de-garcia\/"]}]},{"@type":"ImageObject","inLanguage":"en-US","@id":"https:\/\/guillotinapolitica.com\/index.php\/2024\/04\/04\/la-mafia-de-el-bronco-el-grupo-de-politicos-que-busca-seguir-teniendo-el-control-de-garcia\/#primaryimage","url":"https:\/\/guillotinapolitica.com\/wp-content\/uploads\/2024\/04\/la-mafia-de-el-bronco-el-grupo-de-politicos-que-busca-seguir-teniendo-el-control-de-garcia.jpg","contentUrl":"https:\/\/guillotinapolitica.com\/wp-content\/uploads\/2024\/04\/la-mafia-de-el-bronco-el-grupo-de-politicos-que-busca-seguir-teniendo-el-control-de-garcia.jpg","width":1000,"height":550,"caption":"La mafia de \"El Bronco\", el grupo de pol\u00edticos que busca seguir teniendo el control de Garc\u00eda"},{"@type":"BreadcrumbList","@id":"https:\/\/guillotinapolitica.com\/index.php\/2024\/04\/04\/la-mafia-de-el-bronco-el-grupo-de-politicos-que-busca-seguir-teniendo-el-control-de-garcia\/#breadcrumb","itemListElement":[{"@type":"ListItem","position":1,"name":"Portada","item":"https:\/\/guillotinapolitica.com\/"},{"@type":"ListItem","position":2,"name":"La mafia de \u00abEl Bronco\u00bb, el grupo de pol\u00edticos que busca seguir teniendo el control de Garc\u00eda"}]},{"@type":"WebSite","@id":"https:\/\/guillotinapolitica.com\/#website","url":"https:\/\/guillotinapolitica.com\/","name":"Guillotina Politica","description":"","potentialAction":[{"@type":"SearchAction","target":{"@type":"EntryPoint","urlTemplate":"https:\/\/guillotinapolitica.com\/?s={search_term_string}"},"query-input":"required name=search_term_string"}],"inLanguage":"en-US"},{"@type":"Person","@id":"https:\/\/guillotinapolitica.com\/#\/schema\/person\/27cb6290776d62b9e7ba161af2b4b5b9","name":"Mart\u00edn Gonz\u00e1lez","image":{"@type":"ImageObject","inLanguage":"en-US","@id":"https:\/\/guillotinapolitica.com\/#\/schema\/person\/image\/","url":"https:\/\/secure.gravatar.com\/avatar\/3d30c7717881516121302d314fbdcb12?s=96&d=mm&r=g","contentUrl":"https:\/\/secure.gravatar.com\/avatar\/3d30c7717881516121302d314fbdcb12?s=96&d=mm&r=g","caption":"Mart\u00edn Gonz\u00e1lez"},"sameAs":["http:\/\/guillotinapolitica.com"],"url":"https:\/\/guillotinapolitica.com\/index.php\/author\/martin-gonzalez\/"}]}},"_links":{"self":[{"href":"https:\/\/guillotinapolitica.com\/index.php\/wp-json\/wp\/v2\/posts\/74"}],"collection":[{"href":"https:\/\/guillotinapolitica.com\/index.php\/wp-json\/wp\/v2\/posts"}],"about":[{"href":"https:\/\/guillotinapolitica.com\/index.php\/wp-json\/wp\/v2\/types\/post"}],"author":[{"embeddable":true,"href":"https:\/\/guillotinapolitica.com\/index.php\/wp-json\/wp\/v2\/users\/2"}],"replies":[{"embeddable":true,"href":"https:\/\/guillotinapolitica.com\/index.php\/wp-json\/wp\/v2\/comments?post=74"}],"version-history":[{"count":2,"href":"https:\/\/guillotinapolitica.com\/index.php\/wp-json\/wp\/v2\/posts\/74\/revisions"}],"predecessor-version":[{"id":77,"href":"https:\/\/guillotinapolitica.com\/index.php\/wp-json\/wp\/v2\/posts\/74\/revisions\/77"}],"wp:featuredmedia":[{"embeddable":true,"href":"https:\/\/guillotinapolitica.com\/index.php\/wp-json\/wp\/v2\/media\/76"}],"wp:attachment":[{"href":"https:\/\/guillotinapolitica.com\/index.php\/wp-json\/wp\/v2\/media?parent=74"}],"wp:term":[{"taxonomy":"category","embeddable":true,"href":"https:\/\/guillotinapolitica.com\/index.php\/wp-json\/wp\/v2\/categories?post=74"},{"taxonomy":"post_tag","embeddable":true,"href":"https:\/\/guillotinapolitica.com\/index.php\/wp-json\/wp\/v2\/tags?post=74"}],"curies":[{"name":"wp","href":"https:\/\/api.w.org\/{rel}","templated":true}]}}