{"id":228,"date":"2024-06-06T18:23:30","date_gmt":"2024-06-06T16:23:30","guid":{"rendered":"https:\/\/guillotinapolitica.com\/?p=228"},"modified":"2024-06-06T18:23:31","modified_gmt":"2024-06-06T16:23:31","slug":"muertes-de-monos-aulladores-por-golpes-de-calor","status":"publish","type":"post","link":"https:\/\/guillotinapolitica.com\/index.php\/2024\/06\/06\/muertes-de-monos-aulladores-por-golpes-de-calor\/","title":{"rendered":"Muertes de monos aulladores por golpes de calor"},"content":{"rendered":"\n<p>Una tragedia ambiental golpea a la comunidad de Coatzacoalcos en Veracruz, donde otro ejemplar de mono aullador ha perdido la vida a causa de las altas temperaturas que asolan la regi\u00f3n. Este \u00faltimo deceso se suma a una serie de nueve fallecimientos anteriores, todos atribuidos a cuadros de deshidrataci\u00f3n y golpes de calor provocados por el clima extremo.<\/p>\n\n\n\n<p>Javier de la Cruz, comandante de las brigadas de rescate ambiental en el sur de Veracruz, ha emitido una alerta sobre la delicada situaci\u00f3n que enfrentan estos primates debido a las altas temperaturas y los intensos rayos UV. En respuesta, se han establecido centros de acopio en la zona para proporcionarles agua y alimentos, en un esfuerzo por aliviar su sufrimiento y prevenir m\u00e1s muertes.<\/p>\n\n\n\n<p>La comunidad local est\u00e1 consternada por la p\u00e9rdida de estas valiosas criaturas y las autoridades est\u00e1n trabajando arduamente para proteger a la especie de los monos aulladores. Sin embargo, el desaf\u00edo persiste y se requiere una acci\u00f3n concertada para garantizar la supervivencia de estos animales en un entorno cada vez m\u00e1s hostil debido al cambio clim\u00e1tico.<\/p>\n","protected":false},"excerpt":{"rendered":"<p>Una tragedia ambiental golpea a la comunidad de Coatzacoalcos en Veracruz, donde otro ejemplar de mono aullador ha perdido la vida a causa de las altas temperaturas que asolan la regi\u00f3n. Este \u00faltimo deceso se suma a una serie de nueve fallecimientos anteriores, todos atribuidos a cuadros de deshidrataci\u00f3n y golpes de calor provocados por [&hellip;]<\/p>\n","protected":false},"author":2,"featured_media":229,"comment_status":"open","ping_status":"open","sticky":false,"template":"","format":"standard","meta":{"footnotes":""},"categories":[4],"tags":[136,15],"yoast_head":"<!-- This site is optimized with the Yoast SEO plugin v22.4 - https:\/\/yoast.com\/wordpress\/plugins\/seo\/ -->\n<title>Muertes de monos aulladores por golpes de calor - Guillotina Politica<\/title>\n<meta name=\"robots\" content=\"index, follow, max-snippet:-1, max-image-preview:large, max-video-preview:-1\" \/>\n<link rel=\"canonical\" href=\"https:\/\/guillotinapolitica.com\/index.php\/2024\/06\/06\/muertes-de-monos-aulladores-por-golpes-de-calor\/\" \/>\n<meta property=\"og:locale\" content=\"en_US\" \/>\n<meta property=\"og:type\" content=\"article\" \/>\n<meta property=\"og:title\" content=\"Muertes de monos aulladores por golpes de calor - Guillotina Politica\" \/>\n<meta property=\"og:description\" content=\"Una tragedia ambiental golpea a la comunidad de Coatzacoalcos en Veracruz, donde otro ejemplar de mono aullador ha perdido la vida a causa de las altas temperaturas que asolan la regi\u00f3n. Este \u00faltimo deceso se suma a una serie de nueve fallecimientos anteriores, todos atribuidos a cuadros de deshidrataci\u00f3n y golpes de calor provocados por [&hellip;]\" \/>\n<meta property=\"og:url\" content=\"https:\/\/guillotinapolitica.com\/index.php\/2024\/06\/06\/muertes-de-monos-aulladores-por-golpes-de-calor\/\" \/>\n<meta property=\"og:site_name\" content=\"Guillotina Politica\" \/>\n<meta property=\"article:published_time\" content=\"2024-06-06T16:23:30+00:00\" \/>\n<meta property=\"article:modified_time\" content=\"2024-06-06T16:23:31+00:00\" \/>\n<meta property=\"og:image\" content=\"https:\/\/guillotinapolitica.com\/wp-content\/uploads\/2024\/06\/Diseno-sin-titulo-12.jpg\" \/>\n\t<meta property=\"og:image:width\" content=\"1000\" \/>\n\t<meta property=\"og:image:height\" content=\"600\" \/>\n\t<meta property=\"og:image:type\" content=\"image\/jpeg\" \/>\n<meta name=\"author\" content=\"Mart\u00edn Gonz\u00e1lez\" \/>\n<meta name=\"twitter:card\" content=\"summary_large_image\" \/>\n<meta name=\"twitter:label1\" content=\"Written by\" \/>\n\t<meta name=\"twitter:data1\" content=\"Mart\u00edn Gonz\u00e1lez\" \/>\n\t<meta name=\"twitter:label2\" content=\"Est. reading time\" \/>\n\t<meta name=\"twitter:data2\" content=\"1 minute\" \/>\n<script type=\"application\/ld+json\" class=\"yoast-schema-graph\">{\"@context\":\"https:\/\/schema.org\",\"@graph\":[{\"@type\":\"WebPage\",\"@id\":\"https:\/\/guillotinapolitica.com\/index.php\/2024\/06\/06\/muertes-de-monos-aulladores-por-golpes-de-calor\/\",\"url\":\"https:\/\/guillotinapolitica.com\/index.php\/2024\/06\/06\/muertes-de-monos-aulladores-por-golpes-de-calor\/\",\"name\":\"Muertes de monos aulladores por golpes de calor - Guillotina Politica\",\"isPartOf\":{\"@id\":\"https:\/\/guillotinapolitica.com\/#website\"},\"primaryImageOfPage\":{\"@id\":\"https:\/\/guillotinapolitica.com\/index.php\/2024\/06\/06\/muertes-de-monos-aulladores-por-golpes-de-calor\/#primaryimage\"},\"image\":{\"@id\":\"https:\/\/guillotinapolitica.com\/index.php\/2024\/06\/06\/muertes-de-monos-aulladores-por-golpes-de-calor\/#primaryimage\"},\"thumbnailUrl\":\"https:\/\/guillotinapolitica.com\/wp-content\/uploads\/2024\/06\/Diseno-sin-titulo-12.jpg\",\"datePublished\":\"2024-06-06T16:23:30+00:00\",\"dateModified\":\"2024-06-06T16:23:31+00:00\",\"author\":{\"@id\":\"https:\/\/guillotinapolitica.com\/#\/schema\/person\/27cb6290776d62b9e7ba161af2b4b5b9\"},\"breadcrumb\":{\"@id\":\"https:\/\/guillotinapolitica.com\/index.php\/2024\/06\/06\/muertes-de-monos-aulladores-por-golpes-de-calor\/#breadcrumb\"},\"inLanguage\":\"en-US\",\"potentialAction\":[{\"@type\":\"ReadAction\",\"target\":[\"https:\/\/guillotinapolitica.com\/index.php\/2024\/06\/06\/muertes-de-monos-aulladores-por-golpes-de-calor\/\"]}]},{\"@type\":\"ImageObject\",\"inLanguage\":\"en-US\",\"@id\":\"https:\/\/guillotinapolitica.com\/index.php\/2024\/06\/06\/muertes-de-monos-aulladores-por-golpes-de-calor\/#primaryimage\",\"url\":\"https:\/\/guillotinapolitica.com\/wp-content\/uploads\/2024\/06\/Diseno-sin-titulo-12.jpg\",\"contentUrl\":\"https:\/\/guillotinapolitica.com\/wp-content\/uploads\/2024\/06\/Diseno-sin-titulo-12.jpg\",\"width\":1000,\"height\":600},{\"@type\":\"BreadcrumbList\",\"@id\":\"https:\/\/guillotinapolitica.com\/index.php\/2024\/06\/06\/muertes-de-monos-aulladores-por-golpes-de-calor\/#breadcrumb\",\"itemListElement\":[{\"@type\":\"ListItem\",\"position\":1,\"name\":\"Portada\",\"item\":\"https:\/\/guillotinapolitica.com\/\"},{\"@type\":\"ListItem\",\"position\":2,\"name\":\"Muertes de monos aulladores por golpes de calor\"}]},{\"@type\":\"WebSite\",\"@id\":\"https:\/\/guillotinapolitica.com\/#website\",\"url\":\"https:\/\/guillotinapolitica.com\/\",\"name\":\"Guillotina Politica\",\"description\":\"\",\"potentialAction\":[{\"@type\":\"SearchAction\",\"target\":{\"@type\":\"EntryPoint\",\"urlTemplate\":\"https:\/\/guillotinapolitica.com\/?s={search_term_string}\"},\"query-input\":\"required name=search_term_string\"}],\"inLanguage\":\"en-US\"},{\"@type\":\"Person\",\"@id\":\"https:\/\/guillotinapolitica.com\/#\/schema\/person\/27cb6290776d62b9e7ba161af2b4b5b9\",\"name\":\"Mart\u00edn Gonz\u00e1lez\",\"image\":{\"@type\":\"ImageObject\",\"inLanguage\":\"en-US\",\"@id\":\"https:\/\/guillotinapolitica.com\/#\/schema\/person\/image\/\",\"url\":\"https:\/\/secure.gravatar.com\/avatar\/3d30c7717881516121302d314fbdcb12?s=96&d=mm&r=g\",\"contentUrl\":\"https:\/\/secure.gravatar.com\/avatar\/3d30c7717881516121302d314fbdcb12?s=96&d=mm&r=g\",\"caption\":\"Mart\u00edn Gonz\u00e1lez\"},\"sameAs\":[\"http:\/\/guillotinapolitica.com\"],\"url\":\"https:\/\/guillotinapolitica.com\/index.php\/author\/martin-gonzalez\/\"}]}<\/script>\n<!-- \/ Yoast SEO plugin. -->","yoast_head_json":{"title":"Muertes de monos aulladores por golpes de calor - Guillotina Politica","robots":{"index":"index","follow":"follow","max-snippet":"max-snippet:-1","max-image-preview":"max-image-preview:large","max-video-preview":"max-video-preview:-1"},"canonical":"https:\/\/guillotinapolitica.com\/index.php\/2024\/06\/06\/muertes-de-monos-aulladores-por-golpes-de-calor\/","og_locale":"en_US","og_type":"article","og_title":"Muertes de monos aulladores por golpes de calor - Guillotina Politica","og_description":"Una tragedia ambiental golpea a la comunidad de Coatzacoalcos en Veracruz, donde otro ejemplar de mono aullador ha perdido la vida a causa de las altas temperaturas que asolan la regi\u00f3n. Este \u00faltimo deceso se suma a una serie de nueve fallecimientos anteriores, todos atribuidos a cuadros de deshidrataci\u00f3n y golpes de calor provocados por [&hellip;]","og_url":"https:\/\/guillotinapolitica.com\/index.php\/2024\/06\/06\/muertes-de-monos-aulladores-por-golpes-de-calor\/","og_site_name":"Guillotina Politica","article_published_time":"2024-06-06T16:23:30+00:00","article_modified_time":"2024-06-06T16:23:31+00:00","og_image":[{"width":1000,"height":600,"url":"https:\/\/guillotinapolitica.com\/wp-content\/uploads\/2024\/06\/Diseno-sin-titulo-12.jpg","type":"image\/jpeg"}],"author":"Mart\u00edn Gonz\u00e1lez","twitter_card":"summary_large_image","twitter_misc":{"Written by":"Mart\u00edn Gonz\u00e1lez","Est. reading time":"1 minute"},"schema":{"@context":"https:\/\/schema.org","@graph":[{"@type":"WebPage","@id":"https:\/\/guillotinapolitica.com\/index.php\/2024\/06\/06\/muertes-de-monos-aulladores-por-golpes-de-calor\/","url":"https:\/\/guillotinapolitica.com\/index.php\/2024\/06\/06\/muertes-de-monos-aulladores-por-golpes-de-calor\/","name":"Muertes de monos aulladores por golpes de calor - Guillotina Politica","isPartOf":{"@id":"https:\/\/guillotinapolitica.com\/#website"},"primaryImageOfPage":{"@id":"https:\/\/guillotinapolitica.com\/index.php\/2024\/06\/06\/muertes-de-monos-aulladores-por-golpes-de-calor\/#primaryimage"},"image":{"@id":"https:\/\/guillotinapolitica.com\/index.php\/2024\/06\/06\/muertes-de-monos-aulladores-por-golpes-de-calor\/#primaryimage"},"thumbnailUrl":"https:\/\/guillotinapolitica.com\/wp-content\/uploads\/2024\/06\/Diseno-sin-titulo-12.jpg","datePublished":"2024-06-06T16:23:30+00:00","dateModified":"2024-06-06T16:23:31+00:00","author":{"@id":"https:\/\/guillotinapolitica.com\/#\/schema\/person\/27cb6290776d62b9e7ba161af2b4b5b9"},"breadcrumb":{"@id":"https:\/\/guillotinapolitica.com\/index.php\/2024\/06\/06\/muertes-de-monos-aulladores-por-golpes-de-calor\/#breadcrumb"},"inLanguage":"en-US","potentialAction":[{"@type":"ReadAction","target":["https:\/\/guillotinapolitica.com\/index.php\/2024\/06\/06\/muertes-de-monos-aulladores-por-golpes-de-calor\/"]}]},{"@type":"ImageObject","inLanguage":"en-US","@id":"https:\/\/guillotinapolitica.com\/index.php\/2024\/06\/06\/muertes-de-monos-aulladores-por-golpes-de-calor\/#primaryimage","url":"https:\/\/guillotinapolitica.com\/wp-content\/uploads\/2024\/06\/Diseno-sin-titulo-12.jpg","contentUrl":"https:\/\/guillotinapolitica.com\/wp-content\/uploads\/2024\/06\/Diseno-sin-titulo-12.jpg","width":1000,"height":600},{"@type":"BreadcrumbList","@id":"https:\/\/guillotinapolitica.com\/index.php\/2024\/06\/06\/muertes-de-monos-aulladores-por-golpes-de-calor\/#breadcrumb","itemListElement":[{"@type":"ListItem","position":1,"name":"Portada","item":"https:\/\/guillotinapolitica.com\/"},{"@type":"ListItem","position":2,"name":"Muertes de monos aulladores por golpes de calor"}]},{"@type":"WebSite","@id":"https:\/\/guillotinapolitica.com\/#website","url":"https:\/\/guillotinapolitica.com\/","name":"Guillotina Politica","description":"","potentialAction":[{"@type":"SearchAction","target":{"@type":"EntryPoint","urlTemplate":"https:\/\/guillotinapolitica.com\/?s={search_term_string}"},"query-input":"required name=search_term_string"}],"inLanguage":"en-US"},{"@type":"Person","@id":"https:\/\/guillotinapolitica.com\/#\/schema\/person\/27cb6290776d62b9e7ba161af2b4b5b9","name":"Mart\u00edn Gonz\u00e1lez","image":{"@type":"ImageObject","inLanguage":"en-US","@id":"https:\/\/guillotinapolitica.com\/#\/schema\/person\/image\/","url":"https:\/\/secure.gravatar.com\/avatar\/3d30c7717881516121302d314fbdcb12?s=96&d=mm&r=g","contentUrl":"https:\/\/secure.gravatar.com\/avatar\/3d30c7717881516121302d314fbdcb12?s=96&d=mm&r=g","caption":"Mart\u00edn Gonz\u00e1lez"},"sameAs":["http:\/\/guillotinapolitica.com"],"url":"https:\/\/guillotinapolitica.com\/index.php\/author\/martin-gonzalez\/"}]}},"_links":{"self":[{"href":"https:\/\/guillotinapolitica.com\/index.php\/wp-json\/wp\/v2\/posts\/228"}],"collection":[{"href":"https:\/\/guillotinapolitica.com\/index.php\/wp-json\/wp\/v2\/posts"}],"about":[{"href":"https:\/\/guillotinapolitica.com\/index.php\/wp-json\/wp\/v2\/types\/post"}],"author":[{"embeddable":true,"href":"https:\/\/guillotinapolitica.com\/index.php\/wp-json\/wp\/v2\/users\/2"}],"replies":[{"embeddable":true,"href":"https:\/\/guillotinapolitica.com\/index.php\/wp-json\/wp\/v2\/comments?post=228"}],"version-history":[{"count":1,"href":"https:\/\/guillotinapolitica.com\/index.php\/wp-json\/wp\/v2\/posts\/228\/revisions"}],"predecessor-version":[{"id":230,"href":"https:\/\/guillotinapolitica.com\/index.php\/wp-json\/wp\/v2\/posts\/228\/revisions\/230"}],"wp:featuredmedia":[{"embeddable":true,"href":"https:\/\/guillotinapolitica.com\/index.php\/wp-json\/wp\/v2\/media\/229"}],"wp:attachment":[{"href":"https:\/\/guillotinapolitica.com\/index.php\/wp-json\/wp\/v2\/media?parent=228"}],"wp:term":[{"taxonomy":"category","embeddable":true,"href":"https:\/\/guillotinapolitica.com\/index.php\/wp-json\/wp\/v2\/categories?post=228"},{"taxonomy":"post_tag","embeddable":true,"href":"https:\/\/guillotinapolitica.com\/index.php\/wp-json\/wp\/v2\/tags?post=228"}],"curies":[{"name":"wp","href":"https:\/\/api.w.org\/{rel}","templated":true}]}}